{"id":10870,"date":"2023-03-19T09:59:42","date_gmt":"2023-03-19T08:59:42","guid":{"rendered":"https:\/\/www.parisbalade.fr\/volkswagen-coccinelle-cabriolet"},"modified":"2023-03-22T18:05:49","modified_gmt":"2023-03-22T17:05:49","slug":"volkswagen-beetle-convertible","status":"publish","type":"post","link":"https:\/\/www.parisbalade.fr\/en\/volkswagen-beetle-convertible","title":{"rendered":"Drive without roof &#8211; Volkswagen Beetle Convertible"},"content":{"rendered":"\t\t<div data-elementor-type=\"wp-post\" data-elementor-id=\"10870\" class=\"elementor elementor-10870 elementor-10681\" data-elementor-post-type=\"post\">\n\t\t\t\t\t\t<section class=\"elementor-section elementor-top-section elementor-element elementor-element-3ecf23a9 elementor-section-stretched elementor-section-boxed elementor-section-height-default elementor-section-height-default\" data-id=\"3ecf23a9\" data-element_type=\"section\" data-settings=\"{&quot;stretch_section&quot;:&quot;section-stretched&quot;}\">\n\t\t\t\t\t\t<div class=\"elementor-container elementor-column-gap-default\">\n\t\t\t\t\t<div class=\"elementor-column elementor-col-100 elementor-top-column elementor-element elementor-element-30e35cd9\" data-id=\"30e35cd9\" data-element_type=\"column\">\n\t\t\t<div class=\"elementor-widget-wrap elementor-element-populated\">\n\t\t\t\t\t\t<div class=\"elementor-element elementor-element-753839aa uael-img-grid__column-3 uael-img-grid-tablet__column-3 uael-img-grid-mobile__column-2 uael-ins-normal elementor-widget elementor-widget-uael-image-gallery\" data-id=\"753839aa\" data-element_type=\"widget\" data-settings=\"{&quot;gallery_columns&quot;:&quot;3&quot;,&quot;gallery_columns_tablet&quot;:&quot;3&quot;,&quot;gallery_columns_mobile&quot;:&quot;2&quot;,&quot;column_gap&quot;:{&quot;unit&quot;:&quot;px&quot;,&quot;size&quot;:20,&quot;sizes&quot;:[]},&quot;column_gap_tablet&quot;:{&quot;unit&quot;:&quot;px&quot;,&quot;size&quot;:&quot;&quot;,&quot;sizes&quot;:[]},&quot;column_gap_mobile&quot;:{&quot;unit&quot;:&quot;px&quot;,&quot;size&quot;:&quot;&quot;,&quot;sizes&quot;:[]},&quot;row_gap&quot;:{&quot;unit&quot;:&quot;px&quot;,&quot;size&quot;:20,&quot;sizes&quot;:[]},&quot;row_gap_tablet&quot;:{&quot;unit&quot;:&quot;px&quot;,&quot;size&quot;:&quot;&quot;,&quot;sizes&quot;:[]},&quot;row_gap_mobile&quot;:{&quot;unit&quot;:&quot;px&quot;,&quot;size&quot;:&quot;&quot;,&quot;sizes&quot;:[]},&quot;images_valign&quot;:&quot;flex-start&quot;}\" data-widget_type=\"uael-image-gallery.default\">\n\t\t\t\t<div class=\"elementor-widget-container\">\n\t\t\t\t\t<div class=\"uael-gallery-parent uael-caption- uael-gallery-unjustified\"><div class=\"uael-img-gallery-wrap uael-img-grid-wrap uael-img-grid-masonry-wrap uael-image-lightbox-wrap\" data-filter-default=\"All\" data-lightbox_actions=\"[&quot;close&quot;]\" data-lightbox-gallery-loop=\"\"><div class=\"uael-grid-item  uael-img-gallery-item-1\"><div class=\"uael-grid-item-content\"><a class=\"uael-grid-img uael-grid-gallery-img uael-ins-hover elementor-clickable\" data-fancybox=\"uael-gallery\" href=\"https:\/\/www.parisbalade.fr\/wp-content\/uploads\/2023\/03\/Volkswagen-Coccinelle-Cabriolet.jpg\" data-elementor-open-lightbox=\"no\"><div class=\"uael-grid-img-thumbnail uael-ins-target\"><img decoding=\"async\" src=\"https:\/\/www.parisbalade.fr\/wp-content\/uploads\/elementor\/thumbs\/Volkswagen-Coccinelle-Cabriolet-q7h5yymjizvtq0hazrg4ix25epz9d7dhe5hmsvk7n0.jpg\" title=\"Volkswagen Coccinelle Cabriolet\" alt=\"Volkswagen Coccinelle Cabriolet\" loading=\"lazy\" \/><\/div><div class=\"uael-grid-img-overlay\"><\/div><\/a><\/div><\/div><div class=\"uael-grid-item  uael-img-gallery-item-2\"><div class=\"uael-grid-item-content\"><a class=\"uael-grid-img uael-grid-gallery-img uael-ins-hover elementor-clickable\" data-fancybox=\"uael-gallery\" href=\"https:\/\/www.parisbalade.fr\/wp-content\/uploads\/2023\/03\/VW-Coccinelle-Cabriolet.jpg\" data-elementor-open-lightbox=\"no\"><div class=\"uael-grid-img-thumbnail uael-ins-target\"><img decoding=\"async\" src=\"https:\/\/www.parisbalade.fr\/wp-content\/uploads\/elementor\/thumbs\/VW-Coccinelle-Cabriolet-q7h5yymjizvtq0hazrg4ix25epz9d7dhe5hmsvk7n0.jpg\" title=\"VW Coccinelle Cabriolet\" alt=\"VW Coccinelle Cabriolet\" loading=\"lazy\" \/><\/div><div class=\"uael-grid-img-overlay\"><\/div><\/a><\/div><\/div><div class=\"uael-grid-item  uael-img-gallery-item-3\"><div class=\"uael-grid-item-content\"><a class=\"uael-grid-img uael-grid-gallery-img uael-ins-hover elementor-clickable\" data-fancybox=\"uael-gallery\" href=\"https:\/\/www.parisbalade.fr\/wp-content\/uploads\/2023\/03\/Volkswagen-Coccinelle-Cabriolet-tableau-de-bord.jpg\" data-elementor-open-lightbox=\"no\"><div class=\"uael-grid-img-thumbnail uael-ins-target\"><img decoding=\"async\" src=\"https:\/\/www.parisbalade.fr\/wp-content\/uploads\/elementor\/thumbs\/Volkswagen-Coccinelle-Cabriolet-tableau-de-bord-q7h5yymjizvtq0hazrg4ix25epz9d7dhe5hmsvk7n0.jpg\" title=\"Volkswagen Coccinelle Cabriolet tableau de bord\" alt=\"Volkswagen Coccinelle Cabriolet tableau de bord\" loading=\"lazy\" \/><\/div><div class=\"uael-grid-img-overlay\"><\/div><\/a><\/div><\/div><div class=\"uael-grid-item  uael-img-gallery-item-4\"><div class=\"uael-grid-item-content\"><a class=\"uael-grid-img uael-grid-gallery-img uael-ins-hover elementor-clickable\" data-fancybox=\"uael-gallery\" href=\"https:\/\/www.parisbalade.fr\/wp-content\/uploads\/2023\/03\/Coccinelle-Cabriolet-Paris.jpg\" data-elementor-open-lightbox=\"no\"><div class=\"uael-grid-img-thumbnail uael-ins-target\"><img decoding=\"async\" src=\"https:\/\/www.parisbalade.fr\/wp-content\/uploads\/elementor\/thumbs\/Coccinelle-Cabriolet-Paris-q7h5yymjizvtq0hazrg4ix25epz9d7dhe5hmsvk7n0.jpg\" title=\"Coccinelle Cabriolet Paris\" alt=\"Coccinelle Cabriolet Paris\" loading=\"lazy\" \/><\/div><div class=\"uael-grid-img-overlay\"><\/div><\/a><\/div><\/div><div class=\"uael-grid-item  uael-img-gallery-item-5\"><div class=\"uael-grid-item-content\"><a class=\"uael-grid-img uael-grid-gallery-img uael-ins-hover elementor-clickable\" data-fancybox=\"uael-gallery\" href=\"https:\/\/www.parisbalade.fr\/wp-content\/uploads\/2023\/03\/Coccinelle-Cabriolet-quartier-latin.jpg\" data-elementor-open-lightbox=\"no\"><div class=\"uael-grid-img-thumbnail uael-ins-target\"><img decoding=\"async\" src=\"https:\/\/www.parisbalade.fr\/wp-content\/uploads\/elementor\/thumbs\/Coccinelle-Cabriolet-quartier-latin-q7h5yymjizvtq0hazrg4ix25epz9d7dhe5hmsvk7n0.jpg\" title=\"Coccinelle Cabriolet quartier latin\" alt=\"Coccinelle Cabriolet quartier latin\" loading=\"lazy\" \/><\/div><div class=\"uael-grid-img-overlay\"><\/div><\/a><\/div><\/div><div class=\"uael-grid-item  uael-img-gallery-item-6\"><div class=\"uael-grid-item-content\"><a class=\"uael-grid-img uael-grid-gallery-img uael-ins-hover elementor-clickable\" data-fancybox=\"uael-gallery\" href=\"https:\/\/www.parisbalade.fr\/wp-content\/uploads\/2023\/03\/VW-1500-Cabriolet.jpg\" data-elementor-open-lightbox=\"no\"><div class=\"uael-grid-img-thumbnail uael-ins-target\"><img decoding=\"async\" src=\"https:\/\/www.parisbalade.fr\/wp-content\/uploads\/elementor\/thumbs\/VW-1500-Cabriolet-q7h5yymjizvtq0hazrg4ix25epz9d7dhe5hmsvk7n0.jpg\" title=\"VW 1500 Cabriolet\" alt=\"VW 1500 Cabriolet\" loading=\"lazy\" \/><\/div><div class=\"uael-grid-img-overlay\"><\/div><\/a><\/div><\/div><\/div><\/div>\t\t\t\t<\/div>\n\t\t\t\t<\/div>\n\t\t\t\t<section class=\"elementor-section elementor-inner-section elementor-element elementor-element-3037dd18 elementor-section-boxed elementor-section-height-default elementor-section-height-default\" data-id=\"3037dd18\" data-element_type=\"section\">\n\t\t\t\t\t\t<div class=\"elementor-container elementor-column-gap-default\">\n\t\t\t\t\t<div class=\"elementor-column elementor-col-100 elementor-inner-column elementor-element elementor-element-732d6af6\" data-id=\"732d6af6\" data-element_type=\"column\">\n\t\t\t<div class=\"elementor-widget-wrap elementor-element-populated\">\n\t\t\t\t\t\t<div class=\"elementor-element elementor-element-15bed566 elementor-widget elementor-widget-button\" data-id=\"15bed566\" data-element_type=\"widget\" data-widget_type=\"button.default\">\n\t\t\t\t<div class=\"elementor-widget-container\">\n\t\t\t\t\t\t\t\t\t<div class=\"elementor-button-wrapper\">\n\t\t\t\t\t<a class=\"elementor-button elementor-button-link elementor-size-sm\" href=\"https:\/\/www.parisbalade.fr\/en\/paris-tours\">\n\t\t\t\t\t\t<span class=\"elementor-button-content-wrapper\">\n\t\t\t\t\t\t\t\t\t<span class=\"elementor-button-text\">BOOK A TOUR<\/span>\n\t\t\t\t\t<\/span>\n\t\t\t\t\t<\/a>\n\t\t\t\t<\/div>\n\t\t\t\t\t\t\t\t<\/div>\n\t\t\t\t<\/div>\n\t\t\t\t\t<\/div>\n\t\t<\/div>\n\t\t\t\t\t<\/div>\n\t\t<\/section>\n\t\t\t\t\t<\/div>\n\t\t<\/div>\n\t\t\t\t\t<\/div>\n\t\t<\/section>\n\t\t\t\t<section class=\"elementor-section elementor-top-section elementor-element elementor-element-39ba44b2 elementor-section-stretched elementor-section-boxed elementor-section-height-default elementor-section-height-default\" data-id=\"39ba44b2\" data-element_type=\"section\" data-settings=\"{&quot;stretch_section&quot;:&quot;section-stretched&quot;}\">\n\t\t\t\t\t\t<div class=\"elementor-container elementor-column-gap-default\">\n\t\t\t\t\t<div class=\"elementor-column elementor-col-100 elementor-top-column elementor-element elementor-element-3591bd4a\" data-id=\"3591bd4a\" data-element_type=\"column\">\n\t\t\t<div class=\"elementor-widget-wrap elementor-element-populated\">\n\t\t\t\t\t\t<div class=\"elementor-element elementor-element-26ed2ea5 elementor-widget elementor-widget-heading\" data-id=\"26ed2ea5\" data-element_type=\"widget\" data-widget_type=\"heading.default\">\n\t\t\t\t<div class=\"elementor-widget-container\">\n\t\t\t\t\t<h3 class=\"elementor-heading-title elementor-size-default\"><i class=\"fas fa-history\"><\/i> History and evolution of the model<\/h3>\t\t\t\t<\/div>\n\t\t\t\t<\/div>\n\t\t\t\t<section class=\"elementor-section elementor-inner-section elementor-element elementor-element-29dac5ba elementor-section-boxed elementor-section-height-default elementor-section-height-default\" data-id=\"29dac5ba\" data-element_type=\"section\">\n\t\t\t\t\t\t<div class=\"elementor-container elementor-column-gap-default\">\n\t\t\t\t\t<div class=\"elementor-column elementor-col-100 elementor-inner-column elementor-element elementor-element-7bf67213\" data-id=\"7bf67213\" data-element_type=\"column\">\n\t\t\t<div class=\"elementor-widget-wrap elementor-element-populated\">\n\t\t\t\t\t\t<div class=\"elementor-element elementor-element-7c11adb3 elementor-widget elementor-widget-text-editor\" data-id=\"7c11adb3\" data-element_type=\"widget\" data-widget_type=\"text-editor.default\">\n\t\t\t\t<div class=\"elementor-widget-container\">\n\t\t\t\t\t\t\t\t\t<p>The genesis of the Beetle began in the 1930s when Hitler entrusted Dr. Ferdinand Porsche with the study of a project for a people&#8217;s car (Volkswagen). Inspired by the Czechoslovak Tatra by its rear engine and its rounded lines, 3,000,000 marks will even be paid to Tatra to compensate them for having been so inspired by their models. The Beetle is presented to the public on May 26, 1938. The war will delay its production on an industrial scale and it begins in 1948 in the Wolfsburg factory. Most of the production is for export. The Volkswagen Beetle was particularly successful in the United States, where it became the ideal second car.<img decoding=\"async\" class=\"wp-image-10669 alignright\" src=\"https:\/\/www.parisbalade.fr\/wp-content\/uploads\/2023\/03\/Volkswagen-Coccinelle-Cabriolet-1949.jpg\" alt=\"Volkswagen Coccinelle Cabriolet 1949\" width=\"332\" height=\"137\" srcset=\"https:\/\/www.parisbalade.fr\/wp-content\/uploads\/2023\/03\/Volkswagen-Coccinelle-Cabriolet-1949.jpg 800w, https:\/\/www.parisbalade.fr\/wp-content\/uploads\/2023\/03\/Volkswagen-Coccinelle-Cabriolet-1949-300x124.jpg 300w, https:\/\/www.parisbalade.fr\/wp-content\/uploads\/2023\/03\/Volkswagen-Coccinelle-Cabriolet-1949-768x318.jpg 768w\" sizes=\"(max-width: 332px) 100vw, 332px\" \/><\/p><p>The very first models are characterized by their rear window in two parts. Over the years, the rear window surface will continue to grow. The engines will also evolve, going from the 1100 to the 1600. The latter having even been equipped with injection fuel system on certain markets. The power thus goes from 25 horsepower for the 1100 to 50 horsepower for the 1600. Air cooling will nevertheless be retained until the end of production (in 2003 in Brazil!). Nevertheless, between a post-war Beetle and those of the 70s, many modifications will be made. Among the most notable, we can mention the adoption of disc brakes at the front, the improvement of the front axle to optimize road holding or the switch to the 12-volt electrical system. During its career, the Beetle will experience more than 78,000 modifications! In terms of aesthetics, the oval rear window was abandoned in 1958, while the curved windscreen was adopted on the 1303 from 1973.<\/p><p><img fetchpriority=\"high\" decoding=\"async\" class=\" wp-image-10667 alignleft\" src=\"https:\/\/www.parisbalade.fr\/wp-content\/uploads\/2023\/03\/Tableau-de-bord-Volkswagen-Coccinelle-1968.jpg\" alt=\"\" width=\"262\" height=\"371\" srcset=\"https:\/\/www.parisbalade.fr\/wp-content\/uploads\/2023\/03\/Tableau-de-bord-Volkswagen-Coccinelle-1968.jpg 329w, https:\/\/www.parisbalade.fr\/wp-content\/uploads\/2023\/03\/Tableau-de-bord-Volkswagen-Coccinelle-1968-212x300.jpg 212w\" sizes=\"(max-width: 262px) 100vw, 262px\" \/><\/p><p>The first two-seater convertibles were produced by the Joseph Hebm\u00fcller bodywork before a factory fire put an end to production (696 units produced). In 1949, another coachbuilder, Wilhelm Karmann, took over with the construction of the 4-seater convertible. Benefiting from a reinforced chassis to improve its rigidity, the Beetle Convertible will follow the technical and stylistic evolutions of sedans over the years. Its prominent folded hood only adds sympathy to its timeless design. Production will end on January 10, 1980 after 331,847 units produced.<\/p>\t\t\t\t\t\t\t\t<\/div>\n\t\t\t\t<\/div>\n\t\t\t\t\t<\/div>\n\t\t<\/div>\n\t\t\t\t\t<\/div>\n\t\t<\/section>\n\t\t\t\t\t<\/div>\n\t\t<\/div>\n\t\t\t\t\t<\/div>\n\t\t<\/section>\n\t\t\t\t<section class=\"elementor-section elementor-top-section elementor-element elementor-element-672c06af elementor-section-stretched elementor-section-boxed elementor-section-height-default elementor-section-height-default\" data-id=\"672c06af\" data-element_type=\"section\" data-settings=\"{&quot;stretch_section&quot;:&quot;section-stretched&quot;}\">\n\t\t\t\t\t\t<div class=\"elementor-container elementor-column-gap-default\">\n\t\t\t\t\t<div class=\"elementor-column elementor-col-100 elementor-top-column elementor-element elementor-element-734bf70d\" data-id=\"734bf70d\" data-element_type=\"column\">\n\t\t\t<div class=\"elementor-widget-wrap elementor-element-populated\">\n\t\t\t\t\t\t<div class=\"elementor-element elementor-element-4abb9c4b elementor-widget elementor-widget-heading\" data-id=\"4abb9c4b\" data-element_type=\"widget\" data-widget_type=\"heading.default\">\n\t\t\t\t<div class=\"elementor-widget-container\">\n\t\t\t\t\t<h3 class=\"elementor-heading-title elementor-size-default\"><i class=\"fas fa-book\"><\/i> The history of our Beetle Convertible<\/h3>\t\t\t\t<\/div>\n\t\t\t\t<\/div>\n\t\t\t\t<section class=\"elementor-section elementor-inner-section elementor-element elementor-element-d133e74 elementor-section-boxed elementor-section-height-default elementor-section-height-default\" data-id=\"d133e74\" data-element_type=\"section\">\n\t\t\t\t\t\t<div class=\"elementor-container elementor-column-gap-default\">\n\t\t\t\t\t<div class=\"elementor-column elementor-col-100 elementor-inner-column elementor-element elementor-element-70674bf2\" data-id=\"70674bf2\" data-element_type=\"column\">\n\t\t\t<div class=\"elementor-widget-wrap elementor-element-populated\">\n\t\t\t\t\t\t<div class=\"elementor-element elementor-element-3cacce94 elementor-widget elementor-widget-text-editor\" data-id=\"3cacce94\" data-element_type=\"widget\" data-widget_type=\"text-editor.default\">\n\t\t\t\t<div class=\"elementor-widget-container\">\n\t\t\t\t\t\t\t\t\t<p>Our beautiful blue 1500 Beetle Convertible from 1968 was completely restored in the early 2010s by a Dutch enthusiast. Indeed, the Volkswagen has very many followers among the Oranges. It comes in an entirely original configuration, which is rare for these models that are often customized with more or less taste. It even has its original Blaupunkt car radio with its special Volkswagen buttons. This is the last version still equipped with the adorable dashboard painted in body color and the bakelite steering wheel with ring-horn. It also has the flat windshield of the first versions<\/p><p>The Paris Balade team imported it from the Netherlands in 2022 and is happy to offer you a tour of Paris with your hair in the wind!<\/p>\t\t\t\t\t\t\t\t<\/div>\n\t\t\t\t<\/div>\n\t\t\t\t\t<\/div>\n\t\t<\/div>\n\t\t\t\t\t<\/div>\n\t\t<\/section>\n\t\t\t\t\t<\/div>\n\t\t<\/div>\n\t\t\t\t\t<\/div>\n\t\t<\/section>\n\t\t\t\t<section class=\"elementor-section elementor-top-section elementor-element elementor-element-6cf389c4 elementor-section-stretched elementor-section-boxed elementor-section-height-default elementor-section-height-default\" data-id=\"6cf389c4\" data-element_type=\"section\" data-settings=\"{&quot;stretch_section&quot;:&quot;section-stretched&quot;}\">\n\t\t\t\t\t\t<div class=\"elementor-container elementor-column-gap-default\">\n\t\t\t\t\t<div class=\"elementor-column elementor-col-100 elementor-top-column elementor-element elementor-element-c7dabd3\" data-id=\"c7dabd3\" data-element_type=\"column\">\n\t\t\t<div class=\"elementor-widget-wrap elementor-element-populated\">\n\t\t\t\t\t\t<div class=\"elementor-element elementor-element-232651a4 elementor-widget elementor-widget-heading\" data-id=\"232651a4\" data-element_type=\"widget\" data-widget_type=\"heading.default\">\n\t\t\t\t<div class=\"elementor-widget-container\">\n\t\t\t\t\t<h3 class=\"elementor-heading-title elementor-size-default\"><i class=\"fas fa-cogs\"><\/i> Technical Caracteristics Volkswagen Beetle Convertible<\/h3>\t\t\t\t<\/div>\n\t\t\t\t<\/div>\n\t\t\t\t<section class=\"elementor-section elementor-inner-section elementor-element elementor-element-6c3ee61f elementor-section-boxed elementor-section-height-default elementor-section-height-default\" data-id=\"6c3ee61f\" data-element_type=\"section\">\n\t\t\t\t\t\t<div class=\"elementor-container elementor-column-gap-default\">\n\t\t\t\t\t<div class=\"elementor-column elementor-col-100 elementor-inner-column elementor-element elementor-element-50099b4\" data-id=\"50099b4\" data-element_type=\"column\">\n\t\t\t<div class=\"elementor-widget-wrap elementor-element-populated\">\n\t\t\t\t\t\t<div class=\"elementor-element elementor-element-3c098d8f elementor-widget elementor-widget-text-editor\" data-id=\"3c098d8f\" data-element_type=\"widget\" data-widget_type=\"text-editor.default\">\n\t\t\t\t<div class=\"elementor-widget-container\">\n\t\t\t\t\t\t\t\t\t<p>Cylinder (cm<sup>3<\/sup>) : 1 493<\/p><p>Alimentation : Carburateur<\/p><p>Power (ch) : 44<\/p><p>Max speed (km\/h) : 125<\/p><p>Number of seats : 4<\/p>\t\t\t\t\t\t\t\t<\/div>\n\t\t\t\t<\/div>\n\t\t\t\t\t<\/div>\n\t\t<\/div>\n\t\t\t\t\t<\/div>\n\t\t<\/section>\n\t\t\t\t\t<\/div>\n\t\t<\/div>\n\t\t\t\t\t<\/div>\n\t\t<\/section>\n\t\t\t\t<section class=\"elementor-section elementor-top-section elementor-element elementor-element-62849492 elementor-section-stretched elementor-section-boxed elementor-section-height-default elementor-section-height-default\" data-id=\"62849492\" data-element_type=\"section\" data-settings=\"{&quot;background_background&quot;:&quot;classic&quot;,&quot;stretch_section&quot;:&quot;section-stretched&quot;}\">\n\t\t\t\t\t\t<div class=\"elementor-container elementor-column-gap-default\">\n\t\t\t\t\t<div class=\"elementor-column elementor-col-100 elementor-top-column elementor-element elementor-element-4536503e\" data-id=\"4536503e\" data-element_type=\"column\">\n\t\t\t<div class=\"elementor-widget-wrap elementor-element-populated\">\n\t\t\t\t\t\t<section class=\"elementor-section elementor-inner-section elementor-element elementor-element-20e64e8b elementor-section-boxed elementor-section-height-default elementor-section-height-default\" data-id=\"20e64e8b\" data-element_type=\"section\">\n\t\t\t\t\t\t<div class=\"elementor-container elementor-column-gap-default\">\n\t\t\t\t\t<div class=\"elementor-column elementor-col-50 elementor-inner-column elementor-element elementor-element-5a837b11\" data-id=\"5a837b11\" data-element_type=\"column\">\n\t\t\t<div class=\"elementor-widget-wrap elementor-element-populated\">\n\t\t\t\t\t\t<div class=\"elementor-element elementor-element-d1c2f23 elementor-widget elementor-widget-heading\" data-id=\"d1c2f23\" data-element_type=\"widget\" data-widget_type=\"heading.default\">\n\t\t\t\t<div class=\"elementor-widget-container\">\n\t\t\t\t\t<h3 class=\"elementor-heading-title elementor-size-default\"><a href=\"https:\/\/www.parisbalade.fr\/balades\"><i>Do you wish discover our Tours and book ?<\/i><\/a><\/h3>\t\t\t\t<\/div>\n\t\t\t\t<\/div>\n\t\t\t\t\t<\/div>\n\t\t<\/div>\n\t\t\t\t<div class=\"elementor-column elementor-col-50 elementor-inner-column elementor-element elementor-element-bfd1e27\" data-id=\"bfd1e27\" data-element_type=\"column\">\n\t\t\t<div class=\"elementor-widget-wrap elementor-element-populated\">\n\t\t\t\t\t\t<div class=\"elementor-element elementor-element-70c0f1fe elementor-widget elementor-widget-button\" data-id=\"70c0f1fe\" data-element_type=\"widget\" data-widget_type=\"button.default\">\n\t\t\t\t<div class=\"elementor-widget-container\">\n\t\t\t\t\t\t\t\t\t<div class=\"elementor-button-wrapper\">\n\t\t\t\t\t<a class=\"elementor-button elementor-button-link elementor-size-sm\" href=\"https:\/\/www.parisbalade.fr\/en\/paris-tours\">\n\t\t\t\t\t\t<span class=\"elementor-button-content-wrapper\">\n\t\t\t\t\t\t\t\t\t<span class=\"elementor-button-text\">OUR TOURS<\/span>\n\t\t\t\t\t<\/span>\n\t\t\t\t\t<\/a>\n\t\t\t\t<\/div>\n\t\t\t\t\t\t\t\t<\/div>\n\t\t\t\t<\/div>\n\t\t\t\t\t<\/div>\n\t\t<\/div>\n\t\t\t\t\t<\/div>\n\t\t<\/section>\n\t\t\t\t\t<\/div>\n\t\t<\/div>\n\t\t\t\t\t<\/div>\n\t\t<\/section>\n\t\t\t\t<\/div>\n\t\t","protected":false},"excerpt":{"rendered":"<p>Visit Paris with your hair in the wind aboard our adorable Volkswagen Beetle Convertible. Nothing better to discover the city than looking up!<\/p>\n","protected":false},"author":2,"featured_media":10742,"comment_status":"closed","ping_status":"closed","sticky":false,"template":"","format":"standard","meta":{"site-sidebar-layout":"default","site-content-layout":"default","ast-global-header-display":"","ast-main-header-display":"","ast-hfb-above-header-display":"","ast-hfb-below-header-display":"","ast-hfb-mobile-header-display":"","site-post-title":"","ast-breadcrumbs-content":"","ast-featured-img":"","footer-sml-layout":"","theme-transparent-header-meta":"","adv-header-id-meta":"","stick-header-meta":"","header-above-stick-meta":"","header-main-stick-meta":"","header-below-stick-meta":"","footnotes":""},"categories":[32],"tags":[],"class_list":["post-10870","post","type-post","status-publish","format-standard","has-post-thumbnail","hentry","category-our-cars"],"yoast_head":"<!-- This site is optimized with the Yoast SEO plugin v26.3 - https:\/\/yoast.com\/wordpress\/plugins\/seo\/ -->\n<title>Drive without roof - Volkswagen Beetle Convertible<\/title>\n<meta name=\"description\" content=\"Visitez Paris avec les cheveux aux vents \u00e0 bord de notre adorable Volkswagen Coccinelle Cabriolet. Rien de mieux pour d\u00e9couvrir la ville que de lever la t\u00eate!\" \/>\n<meta name=\"robots\" content=\"index, follow, max-snippet:-1, max-image-preview:large, max-video-preview:-1\" \/>\n<link rel=\"canonical\" href=\"https:\/\/www.parisbalade.fr\/en\/volkswagen-beetle-convertible\" \/>\n<meta property=\"og:locale\" content=\"en_US\" \/>\n<meta property=\"og:type\" content=\"article\" \/>\n<meta property=\"og:title\" content=\"Drive without roof - Volkswagen Beetle Convertible\" \/>\n<meta property=\"og:description\" content=\"Visitez Paris avec les cheveux aux vents \u00e0 bord de notre adorable Volkswagen Coccinelle Cabriolet. Rien de mieux pour d\u00e9couvrir la ville que de lever la t\u00eate!\" \/>\n<meta property=\"og:url\" content=\"https:\/\/www.parisbalade.fr\/en\/volkswagen-beetle-convertible\" \/>\n<meta property=\"og:site_name\" content=\"Paris Balade\" \/>\n<meta property=\"article:publisher\" content=\"https:\/\/www.facebook.com\/parisbaladefr\/\" \/>\n<meta property=\"article:published_time\" content=\"2023-03-19T08:59:42+00:00\" \/>\n<meta property=\"article:modified_time\" content=\"2023-03-22T17:05:49+00:00\" \/>\n<meta property=\"og:image\" content=\"https:\/\/www.parisbalade.fr\/wp-content\/uploads\/2023\/03\/Coccinelle-cabriolet-visiter-paris-1.jpg\" \/>\n\t<meta property=\"og:image:width\" content=\"1800\" \/>\n\t<meta property=\"og:image:height\" content=\"979\" \/>\n\t<meta property=\"og:image:type\" content=\"image\/jpeg\" \/>\n<meta name=\"author\" content=\"Sto\" \/>\n<meta name=\"twitter:card\" content=\"summary_large_image\" \/>\n<meta name=\"twitter:creator\" content=\"@ParisBalade\" \/>\n<meta name=\"twitter:site\" content=\"@ParisBalade\" \/>\n<meta name=\"twitter:label1\" content=\"Written by\" \/>\n\t<meta name=\"twitter:data1\" content=\"Sto\" \/>\n\t<meta name=\"twitter:label2\" content=\"Est. reading time\" \/>\n\t<meta name=\"twitter:data2\" content=\"5 minutes\" \/>\n<script type=\"application\/ld+json\" class=\"yoast-schema-graph\">{\"@context\":\"https:\/\/schema.org\",\"@graph\":[{\"@type\":\"Article\",\"@id\":\"https:\/\/www.parisbalade.fr\/en\/volkswagen-beetle-convertible#article\",\"isPartOf\":{\"@id\":\"https:\/\/www.parisbalade.fr\/en\/volkswagen-beetle-convertible\"},\"author\":{\"name\":\"Sto\",\"@id\":\"https:\/\/www.parisbalade.fr\/#\/schema\/person\/3b33157dc65be536281259febdcf0c02\"},\"headline\":\"Drive without roof &#8211; Volkswagen Beetle Convertible\",\"datePublished\":\"2023-03-19T08:59:42+00:00\",\"dateModified\":\"2023-03-22T17:05:49+00:00\",\"mainEntityOfPage\":{\"@id\":\"https:\/\/www.parisbalade.fr\/en\/volkswagen-beetle-convertible\"},\"wordCount\":509,\"publisher\":{\"@id\":\"https:\/\/www.parisbalade.fr\/#organization\"},\"image\":{\"@id\":\"https:\/\/www.parisbalade.fr\/en\/volkswagen-beetle-convertible#primaryimage\"},\"thumbnailUrl\":\"https:\/\/www.parisbalade.fr\/wp-content\/uploads\/2023\/03\/Coccinelle-cabriolet-visiter-paris-1.jpg\",\"articleSection\":[\"our cars\"],\"inLanguage\":\"en-US\"},{\"@type\":\"WebPage\",\"@id\":\"https:\/\/www.parisbalade.fr\/en\/volkswagen-beetle-convertible\",\"url\":\"https:\/\/www.parisbalade.fr\/en\/volkswagen-beetle-convertible\",\"name\":\"Drive without roof - Volkswagen Beetle Convertible\",\"isPartOf\":{\"@id\":\"https:\/\/www.parisbalade.fr\/#website\"},\"primaryImageOfPage\":{\"@id\":\"https:\/\/www.parisbalade.fr\/en\/volkswagen-beetle-convertible#primaryimage\"},\"image\":{\"@id\":\"https:\/\/www.parisbalade.fr\/en\/volkswagen-beetle-convertible#primaryimage\"},\"thumbnailUrl\":\"https:\/\/www.parisbalade.fr\/wp-content\/uploads\/2023\/03\/Coccinelle-cabriolet-visiter-paris-1.jpg\",\"datePublished\":\"2023-03-19T08:59:42+00:00\",\"dateModified\":\"2023-03-22T17:05:49+00:00\",\"description\":\"Visitez Paris avec les cheveux aux vents \u00e0 bord de notre adorable Volkswagen Coccinelle Cabriolet. Rien de mieux pour d\u00e9couvrir la ville que de lever la t\u00eate!\",\"breadcrumb\":{\"@id\":\"https:\/\/www.parisbalade.fr\/en\/volkswagen-beetle-convertible#breadcrumb\"},\"inLanguage\":\"en-US\",\"potentialAction\":[{\"@type\":\"ReadAction\",\"target\":[\"https:\/\/www.parisbalade.fr\/en\/volkswagen-beetle-convertible\"]}]},{\"@type\":\"ImageObject\",\"inLanguage\":\"en-US\",\"@id\":\"https:\/\/www.parisbalade.fr\/en\/volkswagen-beetle-convertible#primaryimage\",\"url\":\"https:\/\/www.parisbalade.fr\/wp-content\/uploads\/2023\/03\/Coccinelle-cabriolet-visiter-paris-1.jpg\",\"contentUrl\":\"https:\/\/www.parisbalade.fr\/wp-content\/uploads\/2023\/03\/Coccinelle-cabriolet-visiter-paris-1.jpg\",\"width\":1800,\"height\":979,\"caption\":\"Coccinelle cabriolet visiter paris\"},{\"@type\":\"BreadcrumbList\",\"@id\":\"https:\/\/www.parisbalade.fr\/en\/volkswagen-beetle-convertible#breadcrumb\",\"itemListElement\":[{\"@type\":\"ListItem\",\"position\":1,\"name\":\"Accueil\",\"item\":\"https:\/\/www.parisbalade.fr\/en\"},{\"@type\":\"ListItem\",\"position\":2,\"name\":\"Drive without roof &#8211; Volkswagen Beetle Convertible\"}]},{\"@type\":\"WebSite\",\"@id\":\"https:\/\/www.parisbalade.fr\/#website\",\"url\":\"https:\/\/www.parisbalade.fr\/\",\"name\":\"Paris Balade\",\"description\":\"La balade authentique dans Paris en voiture de collection\",\"publisher\":{\"@id\":\"https:\/\/www.parisbalade.fr\/#organization\"},\"potentialAction\":[{\"@type\":\"SearchAction\",\"target\":{\"@type\":\"EntryPoint\",\"urlTemplate\":\"https:\/\/www.parisbalade.fr\/?s={search_term_string}\"},\"query-input\":{\"@type\":\"PropertyValueSpecification\",\"valueRequired\":true,\"valueName\":\"search_term_string\"}}],\"inLanguage\":\"en-US\"},{\"@type\":\"Organization\",\"@id\":\"https:\/\/www.parisbalade.fr\/#organization\",\"name\":\"Paris Balade\",\"url\":\"https:\/\/www.parisbalade.fr\/\",\"logo\":{\"@type\":\"ImageObject\",\"inLanguage\":\"en-US\",\"@id\":\"https:\/\/www.parisbalade.fr\/#\/schema\/logo\/image\/\",\"url\":\"https:\/\/www.parisbalade.fr\/wp-content\/uploads\/2013\/09\/cropped-paris-balade.png\",\"contentUrl\":\"https:\/\/www.parisbalade.fr\/wp-content\/uploads\/2013\/09\/cropped-paris-balade.png\",\"width\":512,\"height\":512,\"caption\":\"Paris Balade\"},\"image\":{\"@id\":\"https:\/\/www.parisbalade.fr\/#\/schema\/logo\/image\/\"},\"sameAs\":[\"https:\/\/www.facebook.com\/parisbaladefr\/\",\"https:\/\/x.com\/ParisBalade\",\"https:\/\/www.instagram.com\/parisbalade\/?hl=fr\"]},{\"@type\":\"Person\",\"@id\":\"https:\/\/www.parisbalade.fr\/#\/schema\/person\/3b33157dc65be536281259febdcf0c02\",\"name\":\"Sto\",\"image\":{\"@type\":\"ImageObject\",\"inLanguage\":\"en-US\",\"@id\":\"https:\/\/www.parisbalade.fr\/#\/schema\/person\/image\/\",\"url\":\"https:\/\/secure.gravatar.com\/avatar\/0966ab181190740d3d043ae67d6a83497199ded2778a4051706481f5f0c052ab?s=96&d=mm&r=g\",\"contentUrl\":\"https:\/\/secure.gravatar.com\/avatar\/0966ab181190740d3d043ae67d6a83497199ded2778a4051706481f5f0c052ab?s=96&d=mm&r=g\",\"caption\":\"Sto\"}}]}<\/script>\n<!-- \/ Yoast SEO plugin. -->","yoast_head_json":{"title":"Drive without roof - Volkswagen Beetle Convertible","description":"Visitez Paris avec les cheveux aux vents \u00e0 bord de notre adorable Volkswagen Coccinelle Cabriolet. Rien de mieux pour d\u00e9couvrir la ville que de lever la t\u00eate!","robots":{"index":"index","follow":"follow","max-snippet":"max-snippet:-1","max-image-preview":"max-image-preview:large","max-video-preview":"max-video-preview:-1"},"canonical":"https:\/\/www.parisbalade.fr\/en\/volkswagen-beetle-convertible","og_locale":"en_US","og_type":"article","og_title":"Drive without roof - Volkswagen Beetle Convertible","og_description":"Visitez Paris avec les cheveux aux vents \u00e0 bord de notre adorable Volkswagen Coccinelle Cabriolet. Rien de mieux pour d\u00e9couvrir la ville que de lever la t\u00eate!","og_url":"https:\/\/www.parisbalade.fr\/en\/volkswagen-beetle-convertible","og_site_name":"Paris Balade","article_publisher":"https:\/\/www.facebook.com\/parisbaladefr\/","article_published_time":"2023-03-19T08:59:42+00:00","article_modified_time":"2023-03-22T17:05:49+00:00","og_image":[{"width":1800,"height":979,"url":"https:\/\/www.parisbalade.fr\/wp-content\/uploads\/2023\/03\/Coccinelle-cabriolet-visiter-paris-1.jpg","type":"image\/jpeg"}],"author":"Sto","twitter_card":"summary_large_image","twitter_creator":"@ParisBalade","twitter_site":"@ParisBalade","twitter_misc":{"Written by":"Sto","Est. reading time":"5 minutes"},"schema":{"@context":"https:\/\/schema.org","@graph":[{"@type":"Article","@id":"https:\/\/www.parisbalade.fr\/en\/volkswagen-beetle-convertible#article","isPartOf":{"@id":"https:\/\/www.parisbalade.fr\/en\/volkswagen-beetle-convertible"},"author":{"name":"Sto","@id":"https:\/\/www.parisbalade.fr\/#\/schema\/person\/3b33157dc65be536281259febdcf0c02"},"headline":"Drive without roof &#8211; Volkswagen Beetle Convertible","datePublished":"2023-03-19T08:59:42+00:00","dateModified":"2023-03-22T17:05:49+00:00","mainEntityOfPage":{"@id":"https:\/\/www.parisbalade.fr\/en\/volkswagen-beetle-convertible"},"wordCount":509,"publisher":{"@id":"https:\/\/www.parisbalade.fr\/#organization"},"image":{"@id":"https:\/\/www.parisbalade.fr\/en\/volkswagen-beetle-convertible#primaryimage"},"thumbnailUrl":"https:\/\/www.parisbalade.fr\/wp-content\/uploads\/2023\/03\/Coccinelle-cabriolet-visiter-paris-1.jpg","articleSection":["our cars"],"inLanguage":"en-US"},{"@type":"WebPage","@id":"https:\/\/www.parisbalade.fr\/en\/volkswagen-beetle-convertible","url":"https:\/\/www.parisbalade.fr\/en\/volkswagen-beetle-convertible","name":"Drive without roof - Volkswagen Beetle Convertible","isPartOf":{"@id":"https:\/\/www.parisbalade.fr\/#website"},"primaryImageOfPage":{"@id":"https:\/\/www.parisbalade.fr\/en\/volkswagen-beetle-convertible#primaryimage"},"image":{"@id":"https:\/\/www.parisbalade.fr\/en\/volkswagen-beetle-convertible#primaryimage"},"thumbnailUrl":"https:\/\/www.parisbalade.fr\/wp-content\/uploads\/2023\/03\/Coccinelle-cabriolet-visiter-paris-1.jpg","datePublished":"2023-03-19T08:59:42+00:00","dateModified":"2023-03-22T17:05:49+00:00","description":"Visitez Paris avec les cheveux aux vents \u00e0 bord de notre adorable Volkswagen Coccinelle Cabriolet. Rien de mieux pour d\u00e9couvrir la ville que de lever la t\u00eate!","breadcrumb":{"@id":"https:\/\/www.parisbalade.fr\/en\/volkswagen-beetle-convertible#breadcrumb"},"inLanguage":"en-US","potentialAction":[{"@type":"ReadAction","target":["https:\/\/www.parisbalade.fr\/en\/volkswagen-beetle-convertible"]}]},{"@type":"ImageObject","inLanguage":"en-US","@id":"https:\/\/www.parisbalade.fr\/en\/volkswagen-beetle-convertible#primaryimage","url":"https:\/\/www.parisbalade.fr\/wp-content\/uploads\/2023\/03\/Coccinelle-cabriolet-visiter-paris-1.jpg","contentUrl":"https:\/\/www.parisbalade.fr\/wp-content\/uploads\/2023\/03\/Coccinelle-cabriolet-visiter-paris-1.jpg","width":1800,"height":979,"caption":"Coccinelle cabriolet visiter paris"},{"@type":"BreadcrumbList","@id":"https:\/\/www.parisbalade.fr\/en\/volkswagen-beetle-convertible#breadcrumb","itemListElement":[{"@type":"ListItem","position":1,"name":"Accueil","item":"https:\/\/www.parisbalade.fr\/en"},{"@type":"ListItem","position":2,"name":"Drive without roof &#8211; Volkswagen Beetle Convertible"}]},{"@type":"WebSite","@id":"https:\/\/www.parisbalade.fr\/#website","url":"https:\/\/www.parisbalade.fr\/","name":"Paris Balade","description":"La balade authentique dans Paris en voiture de collection","publisher":{"@id":"https:\/\/www.parisbalade.fr\/#organization"},"potentialAction":[{"@type":"SearchAction","target":{"@type":"EntryPoint","urlTemplate":"https:\/\/www.parisbalade.fr\/?s={search_term_string}"},"query-input":{"@type":"PropertyValueSpecification","valueRequired":true,"valueName":"search_term_string"}}],"inLanguage":"en-US"},{"@type":"Organization","@id":"https:\/\/www.parisbalade.fr\/#organization","name":"Paris Balade","url":"https:\/\/www.parisbalade.fr\/","logo":{"@type":"ImageObject","inLanguage":"en-US","@id":"https:\/\/www.parisbalade.fr\/#\/schema\/logo\/image\/","url":"https:\/\/www.parisbalade.fr\/wp-content\/uploads\/2013\/09\/cropped-paris-balade.png","contentUrl":"https:\/\/www.parisbalade.fr\/wp-content\/uploads\/2013\/09\/cropped-paris-balade.png","width":512,"height":512,"caption":"Paris Balade"},"image":{"@id":"https:\/\/www.parisbalade.fr\/#\/schema\/logo\/image\/"},"sameAs":["https:\/\/www.facebook.com\/parisbaladefr\/","https:\/\/x.com\/ParisBalade","https:\/\/www.instagram.com\/parisbalade\/?hl=fr"]},{"@type":"Person","@id":"https:\/\/www.parisbalade.fr\/#\/schema\/person\/3b33157dc65be536281259febdcf0c02","name":"Sto","image":{"@type":"ImageObject","inLanguage":"en-US","@id":"https:\/\/www.parisbalade.fr\/#\/schema\/person\/image\/","url":"https:\/\/secure.gravatar.com\/avatar\/0966ab181190740d3d043ae67d6a83497199ded2778a4051706481f5f0c052ab?s=96&d=mm&r=g","contentUrl":"https:\/\/secure.gravatar.com\/avatar\/0966ab181190740d3d043ae67d6a83497199ded2778a4051706481f5f0c052ab?s=96&d=mm&r=g","caption":"Sto"}}]}},"_links":{"self":[{"href":"https:\/\/www.parisbalade.fr\/en\/wp-json\/wp\/v2\/posts\/10870","targetHints":{"allow":["GET"]}}],"collection":[{"href":"https:\/\/www.parisbalade.fr\/en\/wp-json\/wp\/v2\/posts"}],"about":[{"href":"https:\/\/www.parisbalade.fr\/en\/wp-json\/wp\/v2\/types\/post"}],"author":[{"embeddable":true,"href":"https:\/\/www.parisbalade.fr\/en\/wp-json\/wp\/v2\/users\/2"}],"replies":[{"embeddable":true,"href":"https:\/\/www.parisbalade.fr\/en\/wp-json\/wp\/v2\/comments?post=10870"}],"version-history":[{"count":33,"href":"https:\/\/www.parisbalade.fr\/en\/wp-json\/wp\/v2\/posts\/10870\/revisions"}],"predecessor-version":[{"id":10941,"href":"https:\/\/www.parisbalade.fr\/en\/wp-json\/wp\/v2\/posts\/10870\/revisions\/10941"}],"wp:featuredmedia":[{"embeddable":true,"href":"https:\/\/www.parisbalade.fr\/en\/wp-json\/wp\/v2\/media\/10742"}],"wp:attachment":[{"href":"https:\/\/www.parisbalade.fr\/en\/wp-json\/wp\/v2\/media?parent=10870"}],"wp:term":[{"taxonomy":"category","embeddable":true,"href":"https:\/\/www.parisbalade.fr\/en\/wp-json\/wp\/v2\/categories?post=10870"},{"taxonomy":"post_tag","embeddable":true,"href":"https:\/\/www.parisbalade.fr\/en\/wp-json\/wp\/v2\/tags?post=10870"}],"curies":[{"name":"wp","href":"https:\/\/api.w.org\/{rel}","templated":true}]}}